{"id":599,"date":"2008-07-22T22:41:50","date_gmt":"2008-07-22T20:41:50","guid":{"rendered":"http:\/\/oskarochjosefin.se\/?p=599"},"modified":"2008-07-22T22:44:50","modified_gmt":"2008-07-22T20:44:50","slug":"gusten-1-vecka-gammal","status":"publish","type":"post","link":"https:\/\/oskarochjosefin.se\/index.php\/2008\/07\/22\/gusten-1-vecka-gammal\/","title":{"rendered":"Gusten &#8211; 1 vecka gammal"},"content":{"rendered":"<p>Idag fyllde Gusten en vecka. Det har vi firat med att fr\u00e4scha upp bloggen (vi gjorde det v\u00e4l mest ig\u00e5r egentligen, men nu \u00e4r allt klart). Vi \u00e5t ocks\u00e5 lite t\u00e5rta som vi hade i kylen fr\u00e5n i helgen och tog en promenad till ICA och k\u00f6pte nya bl\u00f6jor. Sen h\u00e4lsade Frida p\u00e5 nu p\u00e5 kv\u00e4llen och hade med sig fina presenter. Allt som allt verkar Gusten mer \u00e4n n\u00f6jd med sin f\u00f6rsta vecka i livet.<\/p>\n<p><center><a href=\"https:\/\/oskarochjosefin.se\/wp-content\/uploads\/2008\/07\/gusten-josefin1.jpg\" target=\"_blank\"><img loading=\"lazy\" decoding=\"async\" class=\"alignnone size-thumbnail wp-image-601\" style=\"margin-left: 5px; margin-right: 5px;\" title=\"Gusten &amp; Josefin\" src=\"https:\/\/oskarochjosefin.se\/wp-content\/uploads\/2008\/07\/gusten-josefin1-150x150.jpg\" alt=\"Gusten &amp; Josefin\" width=\"150\" height=\"150\" srcset=\"https:\/\/oskarochjosefin.se\/wp-content\/uploads\/2008\/07\/gusten-josefin1-150x150.jpg 150w, https:\/\/oskarochjosefin.se\/wp-content\/uploads\/2008\/07\/gusten-josefin1-300x300.jpg 300w, https:\/\/oskarochjosefin.se\/wp-content\/uploads\/2008\/07\/gusten-josefin1.jpg 354w\" sizes=\"auto, (max-width: 150px) 100vw, 150px\" \/> <\/a><a href=\"https:\/\/oskarochjosefin.se\/wp-content\/uploads\/2008\/07\/gusten-oskar.jpg\" target=\"_blank\"><img loading=\"lazy\" decoding=\"async\" class=\"alignnone size-thumbnail wp-image-602\" style=\"margin-left: 5px; margin-right: 5px;\" title=\"Gusten &amp; Oskar\" src=\"https:\/\/oskarochjosefin.se\/wp-content\/uploads\/2008\/07\/gusten-oskar-150x150.jpg\" alt=\"Gusten &amp; Oskar\" width=\"150\" height=\"150\" srcset=\"https:\/\/oskarochjosefin.se\/wp-content\/uploads\/2008\/07\/gusten-oskar-150x150.jpg 150w, https:\/\/oskarochjosefin.se\/wp-content\/uploads\/2008\/07\/gusten-oskar-300x300.jpg 300w, https:\/\/oskarochjosefin.se\/wp-content\/uploads\/2008\/07\/gusten-oskar.jpg 354w\" sizes=\"auto, (max-width: 150px) 100vw, 150px\" \/><\/a><\/center><br \/>\nNu ska vi krypa ner och kolla p\u00e5 TV med Gusten i s\u00e4ngen. Sov gott!<\/p>\n","protected":false},"excerpt":{"rendered":"<p>Idag fyllde Gusten en vecka. Det har vi firat med att fr\u00e4scha upp bloggen (vi gjorde det v\u00e4l mest ig\u00e5r egentligen, men nu \u00e4r allt klart). Vi \u00e5t ocks\u00e5 lite t\u00e5rta som vi hade i kylen fr\u00e5n i helgen och tog en promenad till ICA och k\u00f6pte nya bl\u00f6jor. Sen h\u00e4lsade Frida p\u00e5 nu p\u00e5 &hellip; <a href=\"https:\/\/oskarochjosefin.se\/index.php\/2008\/07\/22\/gusten-1-vecka-gammal\/\" class=\"more-link\">Forts\u00e4tt l\u00e4sa <span class=\"screen-reader-text\">Gusten &#8211; 1 vecka gammal<\/span> <span class=\"meta-nav\">&rarr;<\/span><\/a><\/p>\n","protected":false},"author":2,"featured_media":0,"comment_status":"open","ping_status":"open","sticky":false,"template":"","format":"standard","meta":{"footnotes":""},"categories":[4,3],"tags":[],"class_list":["post-599","post","type-post","status-publish","format-standard","hentry","category-josefin","category-oskar"],"_links":{"self":[{"href":"https:\/\/oskarochjosefin.se\/index.php\/wp-json\/wp\/v2\/posts\/599","targetHints":{"allow":["GET"]}}],"collection":[{"href":"https:\/\/oskarochjosefin.se\/index.php\/wp-json\/wp\/v2\/posts"}],"about":[{"href":"https:\/\/oskarochjosefin.se\/index.php\/wp-json\/wp\/v2\/types\/post"}],"author":[{"embeddable":true,"href":"https:\/\/oskarochjosefin.se\/index.php\/wp-json\/wp\/v2\/users\/2"}],"replies":[{"embeddable":true,"href":"https:\/\/oskarochjosefin.se\/index.php\/wp-json\/wp\/v2\/comments?post=599"}],"version-history":[{"count":0,"href":"https:\/\/oskarochjosefin.se\/index.php\/wp-json\/wp\/v2\/posts\/599\/revisions"}],"wp:attachment":[{"href":"https:\/\/oskarochjosefin.se\/index.php\/wp-json\/wp\/v2\/media?parent=599"}],"wp:term":[{"taxonomy":"category","embeddable":true,"href":"https:\/\/oskarochjosefin.se\/index.php\/wp-json\/wp\/v2\/categories?post=599"},{"taxonomy":"post_tag","embeddable":true,"href":"https:\/\/oskarochjosefin.se\/index.php\/wp-json\/wp\/v2\/tags?post=599"}],"curies":[{"name":"wp","href":"https:\/\/api.w.org\/{rel}","templated":true}]}}