{"id":654,"date":"2008-08-25T22:56:01","date_gmt":"2008-08-25T20:56:01","guid":{"rendered":"http:\/\/oskarochjosefin.se\/?p=654"},"modified":"2008-08-25T22:56:01","modified_gmt":"2008-08-25T20:56:01","slug":"pimp-my-pram","status":"publish","type":"post","link":"https:\/\/oskarochjosefin.se\/index.php\/2008\/08\/25\/pimp-my-pram\/","title":{"rendered":"Pimp my pram"},"content":{"rendered":"<p>Med min familj p\u00e5 bes\u00f6k i helgen, ett snabbt insjuknande i f\u00f6rkylning och med lite paus fr\u00e5n datorsittande h\u00e4nder det inte mycket h\u00e4r p\u00e5 bloggen. Vi har det v\u00e4ldigt bra i alla fall och idag var vi en sv\u00e4ng p\u00e5 stan med Gusten och inf\u00f6rskaffade en muggh\u00e5llare och ett regnskydd till vagnen. Vi k\u00f6pte sen mat p\u00e5 Mikai som vi tog med hem och Gusten vaknade inte f\u00f6rr\u00e4n vi satte oss ner f\u00f6r att \u00e4ta. Det sl\u00e5r aldrig fel.<\/p>\n<p>Nu p\u00e5 kv\u00e4llen var \u00c5sa och Andreas h\u00e4r och vi \u00e5r tacos och fruktsallad och hade det mysigt.<\/p>\n<p>Nu sover Gusten gott och vi ska f\u00f6rs\u00f6ka g\u00f6ra detsamma. Men f\u00f6rst lite CSI New York&#8230;<\/p>\n<p>Sov gott!<\/p>\n<p style=\"text-align: center;\"><a href=\"https:\/\/oskarochjosefin.se\/wp-content\/uploads\/2008\/08\/gusten-bla.png\"><img loading=\"lazy\" decoding=\"async\" class=\"alignnone size-full wp-image-655 aligncenter\" title=\"Gusten i bl\u00e5tt\" src=\"https:\/\/oskarochjosefin.se\/wp-content\/uploads\/2008\/08\/gusten-bla.png\" alt=\"Gusten i bl\u00e5tt\" width=\"400\" height=\"533\" srcset=\"https:\/\/oskarochjosefin.se\/wp-content\/uploads\/2008\/08\/gusten-bla.png 400w, https:\/\/oskarochjosefin.se\/wp-content\/uploads\/2008\/08\/gusten-bla-225x300.png 225w\" sizes=\"auto, (max-width: 400px) 100vw, 400px\" \/><\/a><\/p>\n","protected":false},"excerpt":{"rendered":"<p>Med min familj p\u00e5 bes\u00f6k i helgen, ett snabbt insjuknande i f\u00f6rkylning och med lite paus fr\u00e5n datorsittande h\u00e4nder det inte mycket h\u00e4r p\u00e5 bloggen. Vi har det v\u00e4ldigt bra i alla fall och idag var vi en sv\u00e4ng p\u00e5 stan med Gusten och inf\u00f6rskaffade en muggh\u00e5llare och ett regnskydd till vagnen. Vi k\u00f6pte sen &hellip; <a href=\"https:\/\/oskarochjosefin.se\/index.php\/2008\/08\/25\/pimp-my-pram\/\" class=\"more-link\">Forts\u00e4tt l\u00e4sa <span class=\"screen-reader-text\">Pimp my pram<\/span> <span class=\"meta-nav\">&rarr;<\/span><\/a><\/p>\n","protected":false},"author":2,"featured_media":0,"comment_status":"open","ping_status":"open","sticky":false,"template":"","format":"standard","meta":{"footnotes":""},"categories":[3],"tags":[14,5,15],"class_list":["post-654","post","type-post","status-publish","format-standard","hentry","category-oskar","tag-barnvagn","tag-gusten","tag-mat"],"_links":{"self":[{"href":"https:\/\/oskarochjosefin.se\/index.php\/wp-json\/wp\/v2\/posts\/654","targetHints":{"allow":["GET"]}}],"collection":[{"href":"https:\/\/oskarochjosefin.se\/index.php\/wp-json\/wp\/v2\/posts"}],"about":[{"href":"https:\/\/oskarochjosefin.se\/index.php\/wp-json\/wp\/v2\/types\/post"}],"author":[{"embeddable":true,"href":"https:\/\/oskarochjosefin.se\/index.php\/wp-json\/wp\/v2\/users\/2"}],"replies":[{"embeddable":true,"href":"https:\/\/oskarochjosefin.se\/index.php\/wp-json\/wp\/v2\/comments?post=654"}],"version-history":[{"count":0,"href":"https:\/\/oskarochjosefin.se\/index.php\/wp-json\/wp\/v2\/posts\/654\/revisions"}],"wp:attachment":[{"href":"https:\/\/oskarochjosefin.se\/index.php\/wp-json\/wp\/v2\/media?parent=654"}],"wp:term":[{"taxonomy":"category","embeddable":true,"href":"https:\/\/oskarochjosefin.se\/index.php\/wp-json\/wp\/v2\/categories?post=654"},{"taxonomy":"post_tag","embeddable":true,"href":"https:\/\/oskarochjosefin.se\/index.php\/wp-json\/wp\/v2\/tags?post=654"}],"curies":[{"name":"wp","href":"https:\/\/api.w.org\/{rel}","templated":true}]}}