{"id":690,"date":"2008-09-13T13:05:29","date_gmt":"2008-09-13T11:05:29","guid":{"rendered":"http:\/\/oskarochjosefin.se\/?p=690"},"modified":"2008-09-13T13:09:02","modified_gmt":"2008-09-13T11:09:02","slug":"shopping","status":"publish","type":"post","link":"https:\/\/oskarochjosefin.se\/index.php\/2008\/09\/13\/shopping\/","title":{"rendered":"Shopping!"},"content":{"rendered":"<p>Ig\u00e5r h\u00e4mtade vi ut v\u00e5rt f\u00f6rsta barnbidrag! Har haft det hemma r\u00e4tt l\u00e4nge, men inte h\u00e4mtat ut det f\u00f6rr\u00e4n nu. Och s\u00e5klart resulterade det i shopping! Gustens garderob ut\u00f6kades med 2 bodysar (stl 62 som fortfarande \u00e4r lite f\u00f6r stort men som snart borde passa), 3 par byxor (en 56:a och tv\u00e5 62:or), en jacka samt v\u00e5ra favvisar &#8211; trumpette strumporna! Vi har v\u00e4ntat p\u00e5 att de skulle komma in till aff\u00e4ren! Vi har ju redan de i &#8221;stripes&#8221; men nu har vi dem \u00e4ven i &#8221;Johnny&#8221;.<\/p>\n<p>Sen k\u00f6pte vi hem take away fr\u00e5n Mikai ocks\u00e5! En v\u00e4ldigt perfekt shoppingdag.<\/p>\n<p>H\u00e4r \u00e4r v\u00e5ra ink\u00f6p..<\/p>\n<p style=\"text-align: center;\"><a href=\"http:\/\/farm4.static.flickr.com\/3189\/2852309257_a49a83dc45_o.png\" target=\"_blank\"><img loading=\"lazy\" decoding=\"async\" class=\"alignnone aligncenter\" src=\"http:\/\/farm4.static.flickr.com\/3189\/2852309257_a49a83dc45_o.png\" alt=\"\" width=\"370\" height=\"278\" \/><\/a><\/p>\n<p style=\"text-align: center;\"><a href=\"http:\/\/farm4.static.flickr.com\/3136\/2853141840_e3a1903599_o.png\" target=\"_blank\"><img loading=\"lazy\" decoding=\"async\" class=\"alignnone aligncenter\" src=\"http:\/\/farm4.static.flickr.com\/3136\/2853141840_e3a1903599_o.png\" alt=\"\" width=\"370\" height=\"278\" \/><\/a><\/p>\n<p>..&amp; \u00e4ven en n\u00e4rbild p\u00e5 babystrumpan!<\/p>\n","protected":false},"excerpt":{"rendered":"<p>Ig\u00e5r h\u00e4mtade vi ut v\u00e5rt f\u00f6rsta barnbidrag! Har haft det hemma r\u00e4tt l\u00e4nge, men inte h\u00e4mtat ut det f\u00f6rr\u00e4n nu. Och s\u00e5klart resulterade det i shopping! Gustens garderob ut\u00f6kades med 2 bodysar (stl 62 som fortfarande \u00e4r lite f\u00f6r stort men som snart borde passa), 3 par byxor (en 56:a och tv\u00e5 62:or), en jacka &hellip; <a href=\"https:\/\/oskarochjosefin.se\/index.php\/2008\/09\/13\/shopping\/\" class=\"more-link\">Forts\u00e4tt l\u00e4sa <span class=\"screen-reader-text\">Shopping!<\/span> <span class=\"meta-nav\">&rarr;<\/span><\/a><\/p>\n","protected":false},"author":3,"featured_media":0,"comment_status":"open","ping_status":"open","sticky":false,"template":"","format":"standard","meta":{"footnotes":""},"categories":[4],"tags":[39,38],"class_list":["post-690","post","type-post","status-publish","format-standard","hentry","category-josefin","tag-hamtmat","tag-klader"],"_links":{"self":[{"href":"https:\/\/oskarochjosefin.se\/index.php\/wp-json\/wp\/v2\/posts\/690","targetHints":{"allow":["GET"]}}],"collection":[{"href":"https:\/\/oskarochjosefin.se\/index.php\/wp-json\/wp\/v2\/posts"}],"about":[{"href":"https:\/\/oskarochjosefin.se\/index.php\/wp-json\/wp\/v2\/types\/post"}],"author":[{"embeddable":true,"href":"https:\/\/oskarochjosefin.se\/index.php\/wp-json\/wp\/v2\/users\/3"}],"replies":[{"embeddable":true,"href":"https:\/\/oskarochjosefin.se\/index.php\/wp-json\/wp\/v2\/comments?post=690"}],"version-history":[{"count":0,"href":"https:\/\/oskarochjosefin.se\/index.php\/wp-json\/wp\/v2\/posts\/690\/revisions"}],"wp:attachment":[{"href":"https:\/\/oskarochjosefin.se\/index.php\/wp-json\/wp\/v2\/media?parent=690"}],"wp:term":[{"taxonomy":"category","embeddable":true,"href":"https:\/\/oskarochjosefin.se\/index.php\/wp-json\/wp\/v2\/categories?post=690"},{"taxonomy":"post_tag","embeddable":true,"href":"https:\/\/oskarochjosefin.se\/index.php\/wp-json\/wp\/v2\/tags?post=690"}],"curies":[{"name":"wp","href":"https:\/\/api.w.org\/{rel}","templated":true}]}}