{"id":722,"date":"2008-10-09T11:48:29","date_gmt":"2008-10-09T09:48:29","guid":{"rendered":"http:\/\/oskarochjosefin.se\/?p=722"},"modified":"2008-10-09T11:49:59","modified_gmt":"2008-10-09T09:49:59","slug":"gustens-radiodebut","status":"publish","type":"post","link":"https:\/\/oskarochjosefin.se\/index.php\/2008\/10\/09\/gustens-radiodebut\/","title":{"rendered":"Gustens radiodebut"},"content":{"rendered":"<p>Ig\u00e5r s\u00e5 kom Radio Gotland f\u00f6rbi Kr\u00e4nku och intervjuade mina f\u00f6r\u00e4ldrar. Det var till ett reportage om te nu till h\u00f6sten. Ni kan lyssna p\u00e5\u00a0 det via webbradion p\u00e5 <a href=\"http:\/\/www.sr.se\/webbradio\/?type=broadcast&amp;Id=1391704&amp;BroadcastDate=&amp;IsBlock=1\" target=\"_blank\">denna direktl\u00e4nk<\/a>, det b\u00f6rjar c:a 14 minuter in i klippet. Vi lyssnade p\u00e5 det nu innan och det var ett riktigt bra inslag.<\/p>\n<p>Och om ni lyssnar riktigt noga s\u00e5 kan ni h\u00f6ra Gusten &#8221;prata&#8221; en g\u00e5ng i bakgrunden, en bit in i reportaget. Vi var n\u00e4mligen ute och fotade lite i aff\u00e4ren tillsammans med Gusten, och han kunde ju inte h\u00e5lla sig tyst hela tiden.<\/p>\n","protected":false},"excerpt":{"rendered":"<p>Ig\u00e5r s\u00e5 kom Radio Gotland f\u00f6rbi Kr\u00e4nku och intervjuade mina f\u00f6r\u00e4ldrar. Det var till ett reportage om te nu till h\u00f6sten. Ni kan lyssna p\u00e5\u00a0 det via webbradion p\u00e5 denna direktl\u00e4nk, det b\u00f6rjar c:a 14 minuter in i klippet. Vi lyssnade p\u00e5 det nu innan och det var ett riktigt bra inslag. Och om ni &hellip; <a href=\"https:\/\/oskarochjosefin.se\/index.php\/2008\/10\/09\/gustens-radiodebut\/\" class=\"more-link\">Forts\u00e4tt l\u00e4sa <span class=\"screen-reader-text\">Gustens radiodebut<\/span> <span class=\"meta-nav\">&rarr;<\/span><\/a><\/p>\n","protected":false},"author":2,"featured_media":0,"comment_status":"open","ping_status":"open","sticky":false,"template":"","format":"standard","meta":{"footnotes":""},"categories":[3],"tags":[48,85],"class_list":["post-722","post","type-post","status-publish","format-standard","hentry","category-oskar","tag-kranku","tag-radio"],"_links":{"self":[{"href":"https:\/\/oskarochjosefin.se\/index.php\/wp-json\/wp\/v2\/posts\/722","targetHints":{"allow":["GET"]}}],"collection":[{"href":"https:\/\/oskarochjosefin.se\/index.php\/wp-json\/wp\/v2\/posts"}],"about":[{"href":"https:\/\/oskarochjosefin.se\/index.php\/wp-json\/wp\/v2\/types\/post"}],"author":[{"embeddable":true,"href":"https:\/\/oskarochjosefin.se\/index.php\/wp-json\/wp\/v2\/users\/2"}],"replies":[{"embeddable":true,"href":"https:\/\/oskarochjosefin.se\/index.php\/wp-json\/wp\/v2\/comments?post=722"}],"version-history":[{"count":0,"href":"https:\/\/oskarochjosefin.se\/index.php\/wp-json\/wp\/v2\/posts\/722\/revisions"}],"wp:attachment":[{"href":"https:\/\/oskarochjosefin.se\/index.php\/wp-json\/wp\/v2\/media?parent=722"}],"wp:term":[{"taxonomy":"category","embeddable":true,"href":"https:\/\/oskarochjosefin.se\/index.php\/wp-json\/wp\/v2\/categories?post=722"},{"taxonomy":"post_tag","embeddable":true,"href":"https:\/\/oskarochjosefin.se\/index.php\/wp-json\/wp\/v2\/tags?post=722"}],"curies":[{"name":"wp","href":"https:\/\/api.w.org\/{rel}","templated":true}]}}