{"id":742,"date":"2008-11-03T19:32:15","date_gmt":"2008-11-03T18:32:15","guid":{"rendered":"http:\/\/oskarochjosefin.se\/?p=742"},"modified":"2008-11-03T20:56:19","modified_gmt":"2008-11-03T19:56:19","slug":"helgen-vecka-44","status":"publish","type":"post","link":"https:\/\/oskarochjosefin.se\/index.php\/2008\/11\/03\/helgen-vecka-44\/","title":{"rendered":"Helgen vecka 44"},"content":{"rendered":"<p>Hemtentan blev klar i god tid i fredags och sen kunde b\u00e5de jag och Josi ta helg. J och Gusten var p\u00e5 inflyttningsfest hemma hos Emma och jag gick ut med Frida och Mia. En mycket lyckad kv\u00e4ll f\u00f6r alla inblandade.<\/p>\n<p>P\u00e5 l\u00f6rdagen tog vi det v\u00e4\u00e4ldigt lugnt p\u00e5 f\u00f6rmiddagen och sen p\u00e5 eftermiddagen h\u00e4ngde vi hos Gustens mormor och morfar och \u00e5t spaghetti och k\u00f6ttf\u00e4rss\u00e5s. Och vi fick pepparkaksmuffins! Hallelujah! Senare p\u00e5 kv\u00e4llen var vi hemma och h\u00e4ngde och kollade p\u00e5 lite mera Top Chef (kommer ett eget inl\u00e4gg om det senare).<\/p>\n<p>Ig\u00e5r s\u00e5 st\u00e4dade vi och flyttade runt p\u00e5 garderober\/skrivbord\/s\u00e4ng\/byr\u00e5er h\u00e4r hemma. S\u00e5 nu har vi en ny (o)ordning i sovrummet, med ett skrivbord bland annat. Och s\u00e5 finns det nu ytterligare tv\u00e5 garderober i g\u00e4strummet\/Gustens kl\u00e4dkammare, som ju inte \u00e4r kontor l\u00e4ngre utan skrivbordet. Vi f\u00e5r se vad vi tycker om n\u00e5gra dagar men just nu k\u00e4nns det som att vara nyinflyttade igen.<\/p>\n<p>Idag har jag b\u00f6rjat med tv\u00e5 nya distanskurser p\u00e5 min utbildning och vi har plockat och st\u00e4dat lite mer. Vi var \u00e4ven en sv\u00e4ng p\u00e5 stan tidigare och k\u00f6pte indisk mat p\u00e5 Masala House. Nu \u00e4r det dags f\u00f6r kv\u00e4llsmat f\u00f6r b\u00e5de Gusten och oss. Han l\u00e5g och busade och pladdrade ganska l\u00e4nge med <a href=\"https:\/\/oskarochjosefin.se\/bilder\/mjukis\/Lynch.png\" target=\"_blank\">Lynch<\/a> h\u00e4r alldeles bakom mig i sovrummet, men tillslut tr\u00f6ttnade han och ville ha mat.<\/p>\n","protected":false},"excerpt":{"rendered":"<p>Hemtentan blev klar i god tid i fredags och sen kunde b\u00e5de jag och Josi ta helg. J och Gusten var p\u00e5 inflyttningsfest hemma hos Emma och jag gick ut med Frida och Mia. En mycket lyckad kv\u00e4ll f\u00f6r alla inblandade. P\u00e5 l\u00f6rdagen tog vi det v\u00e4\u00e4ldigt lugnt p\u00e5 f\u00f6rmiddagen och sen p\u00e5 eftermiddagen h\u00e4ngde &hellip; <a href=\"https:\/\/oskarochjosefin.se\/index.php\/2008\/11\/03\/helgen-vecka-44\/\" class=\"more-link\">Forts\u00e4tt l\u00e4sa <span class=\"screen-reader-text\">Helgen vecka 44<\/span> <span class=\"meta-nav\">&rarr;<\/span><\/a><\/p>\n","protected":false},"author":2,"featured_media":0,"comment_status":"open","ping_status":"open","sticky":false,"template":"","format":"standard","meta":{"footnotes":""},"categories":[3],"tags":[108,109,110],"class_list":["post-742","post","type-post","status-publish","format-standard","hentry","category-oskar","tag-moblera","tag-pladdra","tag-top-chef"],"_links":{"self":[{"href":"https:\/\/oskarochjosefin.se\/index.php\/wp-json\/wp\/v2\/posts\/742","targetHints":{"allow":["GET"]}}],"collection":[{"href":"https:\/\/oskarochjosefin.se\/index.php\/wp-json\/wp\/v2\/posts"}],"about":[{"href":"https:\/\/oskarochjosefin.se\/index.php\/wp-json\/wp\/v2\/types\/post"}],"author":[{"embeddable":true,"href":"https:\/\/oskarochjosefin.se\/index.php\/wp-json\/wp\/v2\/users\/2"}],"replies":[{"embeddable":true,"href":"https:\/\/oskarochjosefin.se\/index.php\/wp-json\/wp\/v2\/comments?post=742"}],"version-history":[{"count":0,"href":"https:\/\/oskarochjosefin.se\/index.php\/wp-json\/wp\/v2\/posts\/742\/revisions"}],"wp:attachment":[{"href":"https:\/\/oskarochjosefin.se\/index.php\/wp-json\/wp\/v2\/media?parent=742"}],"wp:term":[{"taxonomy":"category","embeddable":true,"href":"https:\/\/oskarochjosefin.se\/index.php\/wp-json\/wp\/v2\/categories?post=742"},{"taxonomy":"post_tag","embeddable":true,"href":"https:\/\/oskarochjosefin.se\/index.php\/wp-json\/wp\/v2\/tags?post=742"}],"curies":[{"name":"wp","href":"https:\/\/api.w.org\/{rel}","templated":true}]}}