{"id":800,"date":"2008-12-19T10:09:53","date_gmt":"2008-12-19T09:09:53","guid":{"rendered":"http:\/\/oskarochjosefin.se\/?p=800"},"modified":"2008-12-19T10:09:53","modified_gmt":"2008-12-19T09:09:53","slug":"grattiiiiisss","status":"publish","type":"post","link":"https:\/\/oskarochjosefin.se\/index.php\/2008\/12\/19\/grattiiiiisss\/","title":{"rendered":"Grattiiiiisss!"},"content":{"rendered":"<p>Grattis p\u00e5 26-\u00e5rsdagen Oskar! Fast det har jag och Gusten ju redan sagt. F\u00f6delsedagen har b\u00f6rjat bra, f\u00f6rutom att jag misslyckades med kaffet (f\u00f6r f\u00f6rsta g\u00e5ngen n\u00e4stan) i kaffebryggaren&#8230; men d\u00e5 fick Oskar te i st\u00e4llet p\u00e5 f\u00f6delsedagsbrickan och det uppskattades s\u00e5klart ocks\u00e5!<\/p>\n<p>Gusten var bara lite gn\u00e4llig ig\u00e5r efter sprutan! Nu \u00e4r han dock p\u00e5 sitt vanliga str\u00e5lande hum\u00f6r och firar pappa s\u00e5 mycket han kan med lite dreggel, lite prutt och massa kramar! \ud83d\ude42<\/p>\n<p>Nu ser vi fram emot en mysig dag med babysim, t\u00e5rta och en god middag till &#8221;P\u00e5 sp\u00e5ret&#8221; \ud83d\ude00<\/p>\n","protected":false},"excerpt":{"rendered":"<p>Grattis p\u00e5 26-\u00e5rsdagen Oskar! Fast det har jag och Gusten ju redan sagt. F\u00f6delsedagen har b\u00f6rjat bra, f\u00f6rutom att jag misslyckades med kaffet (f\u00f6r f\u00f6rsta g\u00e5ngen n\u00e4stan) i kaffebryggaren&#8230; men d\u00e5 fick Oskar te i st\u00e4llet p\u00e5 f\u00f6delsedagsbrickan och det uppskattades s\u00e5klart ocks\u00e5! Gusten var bara lite gn\u00e4llig ig\u00e5r efter sprutan! Nu \u00e4r han dock &hellip; <a href=\"https:\/\/oskarochjosefin.se\/index.php\/2008\/12\/19\/grattiiiiisss\/\" class=\"more-link\">Forts\u00e4tt l\u00e4sa <span class=\"screen-reader-text\">Grattiiiiisss!<\/span> <span class=\"meta-nav\">&rarr;<\/span><\/a><\/p>\n","protected":false},"author":3,"featured_media":0,"comment_status":"open","ping_status":"open","sticky":false,"template":"","format":"standard","meta":{"footnotes":""},"categories":[4],"tags":[206,83,1257],"class_list":["post-800","post","type-post","status-publish","format-standard","hentry","category-josefin","tag-206","tag-fodelsedag","tag-oskar"],"_links":{"self":[{"href":"https:\/\/oskarochjosefin.se\/index.php\/wp-json\/wp\/v2\/posts\/800","targetHints":{"allow":["GET"]}}],"collection":[{"href":"https:\/\/oskarochjosefin.se\/index.php\/wp-json\/wp\/v2\/posts"}],"about":[{"href":"https:\/\/oskarochjosefin.se\/index.php\/wp-json\/wp\/v2\/types\/post"}],"author":[{"embeddable":true,"href":"https:\/\/oskarochjosefin.se\/index.php\/wp-json\/wp\/v2\/users\/3"}],"replies":[{"embeddable":true,"href":"https:\/\/oskarochjosefin.se\/index.php\/wp-json\/wp\/v2\/comments?post=800"}],"version-history":[{"count":0,"href":"https:\/\/oskarochjosefin.se\/index.php\/wp-json\/wp\/v2\/posts\/800\/revisions"}],"wp:attachment":[{"href":"https:\/\/oskarochjosefin.se\/index.php\/wp-json\/wp\/v2\/media?parent=800"}],"wp:term":[{"taxonomy":"category","embeddable":true,"href":"https:\/\/oskarochjosefin.se\/index.php\/wp-json\/wp\/v2\/categories?post=800"},{"taxonomy":"post_tag","embeddable":true,"href":"https:\/\/oskarochjosefin.se\/index.php\/wp-json\/wp\/v2\/tags?post=800"}],"curies":[{"name":"wp","href":"https:\/\/api.w.org\/{rel}","templated":true}]}}