{"id":801,"date":"2008-12-20T22:18:46","date_gmt":"2008-12-20T21:18:46","guid":{"rendered":"http:\/\/oskarochjosefin.se\/?p=801"},"modified":"2008-12-20T22:21:54","modified_gmt":"2008-12-20T21:21:54","slug":"tomte-och-pepparkaka","status":"publish","type":"post","link":"https:\/\/oskarochjosefin.se\/index.php\/2008\/12\/20\/tomte-och-pepparkaka\/","title":{"rendered":"Tomte och pepparkaka"},"content":{"rendered":"<p>Vilken liten rackare Gusten \u00e4r! Han har redan lyckats charma till sig julklappar. N\u00e4r vi var hos Sara s\u00e5 fick han redan d\u00e5 en julklapp &#8211; en tomtedr\u00e4kt som han genast provade och om man f\u00e5r s\u00e4ga det sj\u00e4lv.. var bed\u00e5rande i! Lite roligt var dock att vi \u00e4ven fick en tomtedr\u00e4kt p\u00e5 posten dagen efter, dock inte en likadan utan en annorlunda &#8211; och lika s\u00f6t \u00e4r Gusten i den! Och sen har vi ju en pepparkaksgubbedr\u00e4kt ocks\u00e5 och \u00e4ven den sitter som en sm\u00e4ck p\u00e5 honom! Hihi. Vi kommer ha en underbar jul med v\u00e5r lilla tomte och pepparkaka. L\u00e4ngtar redan!<\/p>\n<p style=\"text-align: center;\"><a href=\"http:\/\/farm4.static.flickr.com\/3217\/3122815051_df73a66b5f_o.jpg\" target=\"_blank\"><img loading=\"lazy\" decoding=\"async\" class=\"reflect aligncenter\" src=\"http:\/\/farm4.static.flickr.com\/3217\/3122815051_4ac8d103b1.jpg?v=0\" alt=\"Gustens f\u00f6rsta jul by you.\" width=\"452\" height=\"231\" \/><\/a><\/p>\n<p>Och Gusten fick ju en julklapp av MP ocks\u00e5, en L\u00e5nga Farbrorn-snuttefilt &#8211;\u00a0 riktigt gullig och Gusten har redan b\u00f6rjat bita p\u00e5 hans h\u00e4nder och f\u00f6tter.. \ud83d\ude42 och lille G fick \u00e4ven en j\u00e4ttefin bilbarnstol (Britax Hi-Way) av sina morf\u00f6r\u00e4ldrar i julklapp nu i f\u00f6rv\u00e4g, d\u00e5 han ska till Gotland i jul och kan beh\u00f6va en sk\u00f6n resa.<\/p>\n","protected":false},"excerpt":{"rendered":"<p>Vilken liten rackare Gusten \u00e4r! Han har redan lyckats charma till sig julklappar. N\u00e4r vi var hos Sara s\u00e5 fick han redan d\u00e5 en julklapp &#8211; en tomtedr\u00e4kt som han genast provade och om man f\u00e5r s\u00e4ga det sj\u00e4lv.. var bed\u00e5rande i! Lite roligt var dock att vi \u00e4ven fick en tomtedr\u00e4kt p\u00e5 posten dagen &hellip; <a href=\"https:\/\/oskarochjosefin.se\/index.php\/2008\/12\/20\/tomte-och-pepparkaka\/\" class=\"more-link\">Forts\u00e4tt l\u00e4sa <span class=\"screen-reader-text\">Tomte och pepparkaka<\/span> <span class=\"meta-nav\">&rarr;<\/span><\/a><\/p>\n","protected":false},"author":3,"featured_media":0,"comment_status":"open","ping_status":"open","sticky":false,"template":"","format":"standard","meta":{"footnotes":""},"categories":[4],"tags":[207,159,208,209],"class_list":["post-801","post","type-post","status-publish","format-standard","hentry","category-josefin","tag-bilstol","tag-julklappar","tag-jultomte","tag-pepparkaksgubbe"],"_links":{"self":[{"href":"https:\/\/oskarochjosefin.se\/index.php\/wp-json\/wp\/v2\/posts\/801","targetHints":{"allow":["GET"]}}],"collection":[{"href":"https:\/\/oskarochjosefin.se\/index.php\/wp-json\/wp\/v2\/posts"}],"about":[{"href":"https:\/\/oskarochjosefin.se\/index.php\/wp-json\/wp\/v2\/types\/post"}],"author":[{"embeddable":true,"href":"https:\/\/oskarochjosefin.se\/index.php\/wp-json\/wp\/v2\/users\/3"}],"replies":[{"embeddable":true,"href":"https:\/\/oskarochjosefin.se\/index.php\/wp-json\/wp\/v2\/comments?post=801"}],"version-history":[{"count":0,"href":"https:\/\/oskarochjosefin.se\/index.php\/wp-json\/wp\/v2\/posts\/801\/revisions"}],"wp:attachment":[{"href":"https:\/\/oskarochjosefin.se\/index.php\/wp-json\/wp\/v2\/media?parent=801"}],"wp:term":[{"taxonomy":"category","embeddable":true,"href":"https:\/\/oskarochjosefin.se\/index.php\/wp-json\/wp\/v2\/categories?post=801"},{"taxonomy":"post_tag","embeddable":true,"href":"https:\/\/oskarochjosefin.se\/index.php\/wp-json\/wp\/v2\/tags?post=801"}],"curies":[{"name":"wp","href":"https:\/\/api.w.org\/{rel}","templated":true}]}}