{"id":859,"date":"2009-01-19T23:57:45","date_gmt":"2009-01-19T22:57:45","guid":{"rendered":"http:\/\/oskarochjosefin.se\/?p=859"},"modified":"2009-01-20T00:05:35","modified_gmt":"2009-01-19T23:05:35","slug":"sondag-mandag","status":"publish","type":"post","link":"https:\/\/oskarochjosefin.se\/index.php\/2009\/01\/19\/sondag-mandag\/","title":{"rendered":"S\u00f6ndag &#038; m\u00e5ndag"},"content":{"rendered":"<p><span class=\"photo_container pc_m\"><a class=\"image_link\" title=\"Gusten p\u00e5 Formex\" href=\"http:\/\/www.flickr.com\/photos\/oskarochjosefin\/3210319667\/in\/set-72157612714681077\/\"><img loading=\"lazy\" decoding=\"async\" id=\"primary_photo_img\" class=\"pc_img alignright\" style=\"margin: 5px;\" src=\"http:\/\/farm4.static.flickr.com\/3260\/3210319667_8e33fc79dd_m.jpg\" alt=\"Gusten p\u00e5 Formex\" width=\"180\" height=\"240\" \/><\/a><\/span>P\u00e5 s\u00f6ndagen, den sista dagen av Formex och tillika v\u00e5r sista dag p\u00e5 m\u00e4ssan, gick vi \u00e5terigen upp lagom tidigt (n\u00e4r G vaknade) och \u00e5t av den h\u00e4ftiga frukostbuff\u00e9n. Pannkakor \u00e4r ju en hit och sm\u00e5kakor ocks\u00e5. V\u00e4ldigt gott. Gusten var inte riktigt sig sj\u00e4lv dock och var lite mer sugen p\u00e5 mat och n\u00e4rhet \u00e4n vanligt, vilket resulterade i att vi inte kom ut p\u00e5 sj\u00e4lva m\u00e4ssan f\u00f6rr\u00e4n vid 11. Sylve och Anneli hade g\u00e5tt i f\u00f6rv\u00e4g. Sen gjorde vi v\u00e5ra m\u00e4ss\u00e4renden och det gick mycket bra. \ud83d\ude42<\/p>\n<p>Vi t\u00e4nkte att det skulle vara lagom att \u00e5ka fr\u00e5n \u00c4lvsj\u00f6 vid kvart \u00f6ver fyra-halv fem d\u00e5 man skulle vara vid kryssningen senast 17:30. Vi tog pendeln in till centralen och hade best\u00e4mt oss f\u00f6r att g\u00e5 ut till stadsg\u00e5rden, eftersom vi hade gjort likadant p\u00e5 <a href=\"https:\/\/oskarochjosefin.se\/index.php\/2007\/09\/04\/x-ning\/\">v\u00e5r f\u00f6rra kryssning<\/a>. D\u00e5 hade vi visserligen inte lika br\u00e5ttom som vi nu fick, eftersom <a href=\"http:\/\/www.vikingline.se\/\">Viking Lines<\/a> terminal ligger en bra bit l\u00e4ngre bort \u00e4n <a href=\"http:\/\/www.birka.se\/\">Birkas<\/a>. Vi hade inte lika mycket packning d\u00e5 eller en bebis och barnvagn med oss heller d\u00e5 f\u00f6r den delen. S\u00e5 vi halvsprang nu genom ett kallt och sn\u00f6slaksigt Stockholm. Tiden blev mer och mer knapp och vi gick snabbare och snabbare. Och tillslut, med hj\u00e4rtat i halsgropen och svettp\u00e4rlor i pannan, stormade vi in p\u00e5 terminalen och slutligen ombord p\u00e5 fartyget. Det var med knapp marginal (fem-tio minuter) men det var sk\u00f6nt att vi slapp tr\u00e4ngas om hissar och i avg\u00e5ngshallarna samt inte blev tagna p\u00e5 kort n\u00e4r vi gick ombord.<\/p>\n<p>Kryssningen var ganska lik den f\u00f6rra vi var p\u00e5. Fast h\u00e4r var ju hytten billigare och s\u00e5ledes mindre och TV-l\u00f6s. Men m\u00e4nniskorna, atmosf\u00e4ren och maten var ganska lik. Birka k\u00e4ndes nog lite lyxigare \u00f6verlag dock, och det k\u00e4ndes som medel\u00e5ldern inte var fullt lika h\u00f6g p\u00e5 detta fartyg och utbudet var d\u00e4refter. Gusten var lite kinkig under kv\u00e4llsbuff\u00e9n men somnade sen gott och sov hela natten, och vi s\u00e5g klart <a href=\"http:\/\/www.imdb.com\/title\/tt0780536\/\">In Bruges<\/a>. Det var v\u00e4ldigt sk\u00f6nt att inte ha n\u00e5got alls att g\u00f6ra, vilket var det vi hade f\u00f6r oss p\u00e5 b\u00e5ten. Det var verkligen bara vi tre i v\u00e5r lilla familj och v\u00e5r hytt.<\/p>\n<p>Idag hoppade vi upp och nj\u00f6t av den fina frukostbuff\u00e9n. Gusten var fortfarande inte heln\u00f6jd med tillvaron och n\u00e4r vi kom tillbaka i hytten skulle k\u00e4llan till alla hans bekymmer uppenbara sig. Den f\u00f6rsta tanden har tittat fram i hans underk\u00e4ke. Som en liten glasbit sitter den d\u00e4r och irriterar honom lite hela tiden. S\u00e5 vi tr\u00f6stade lite och stoppade sen i honom en Alvedon. Det var sk\u00f6nt att veta vad det var som gjorde att han inte betedde sig helt som vanligt. Lite gn\u00e4lliga kan ju bebisar vara utan att det beh\u00f6ver vara n\u00e5got speciellt men vi hade b\u00e5da reagerat lite p\u00e5 hans beteende under g\u00e5rdagen samt idag. Nu oroar vi oss lite \u00f6ver hur det ska g\u00e5 med amningen, men det borde ju g\u00e5 bra..  en del bebisar f\u00e5r ju t\u00e4nder mycket tidigare \u00e4n s\u00e5 h\u00e4r.<\/p>\n<p style=\"text-align: center;\"><a href=\"http:\/\/farm4.static.flickr.com\/3524\/3211165520_613d436c13_o.jpg\" target=\"_blank\"><img loading=\"lazy\" decoding=\"async\" class=\"reflect aligncenter\" src=\"http:\/\/farm4.static.flickr.com\/3524\/3211165520_339ecb25aa.jpg?v=0\" alt=\"Gustens f\u00f6rsta tand by you.\" width=\"389\" height=\"290\" \/><\/a><\/p>\n<p>P\u00e5 kryssningen och p\u00e5 t\u00e5gresan hem passade vi p\u00e5 att (\u00e4ntligen) se lite mer p\u00e5 <a href=\"http:\/\/www.imdb.com\/title\/tt0773262\/\">Dexter <\/a>(s\u00e4song 3) och den b\u00f6rjar helt klart bli b\u00e4ttre nu efter n\u00e5gra fler avsnitt. Dock slutade nog Gustens Alvedon att verka och efter lite om och men (samt bajs) lyckades vi med gemensamma krafter p\u00e5 den minimala t\u00e5gtoaletten f\u00e5 i honom \u00e4nnu en Alvedon (de \u00e4r grymt hala). Det gjorde kv\u00e4llen och f\u00f6rhoppningsvis natten b\u00e4ttre f\u00f6r b\u00e5de honom och oss.<\/p>\n<p><center><span id=\"photo_thumb3211166590\" class=\"photo_container pc_s\"><a title=\"Hotellfrukost\" href=\"http:\/\/www.flickr.com\/photos\/oskarochjosefin\/3211166590\/in\/set-72157612714681077\/\"><img loading=\"lazy\" decoding=\"async\" class=\"pc_img\" src=\"http:\/\/farm4.static.flickr.com\/3122\/3211166590_6bc5c0d91e_s.jpg\" alt=\"Hotellfrukost\" width=\"75\" height=\"75\" \/><\/a><\/span><a title=\"Kryssningsfrukost\" href=\"http:\/\/www.flickr.com\/photos\/oskarochjosefin\/3210321481\/in\/set-72157612714681077\/\"> <img loading=\"lazy\" decoding=\"async\" class=\"pc_img\" src=\"http:\/\/farm4.static.flickr.com\/3117\/3210321481_7ae9435412_s.jpg\" alt=\"Kryssningsfrukost\" width=\"75\" height=\"75\" \/><\/a><a title=\"Gusten p\u00e5 kryssning\" href=\"http:\/\/www.flickr.com\/photos\/oskarochjosefin\/3210320451\/in\/set-72157612714681077\/\"> <img loading=\"lazy\" decoding=\"async\" class=\"pc_img\" src=\"http:\/\/farm4.static.flickr.com\/3533\/3210320451_a354277668_s.jpg\" alt=\"Gusten p\u00e5 kryssning\" width=\"75\" height=\"75\" \/><\/a><\/center><\/p>\n","protected":false},"excerpt":{"rendered":"<p>P\u00e5 s\u00f6ndagen, den sista dagen av Formex och tillika v\u00e5r sista dag p\u00e5 m\u00e4ssan, gick vi \u00e5terigen upp lagom tidigt (n\u00e4r G vaknade) och \u00e5t av den h\u00e4ftiga frukostbuff\u00e9n. Pannkakor \u00e4r ju en hit och sm\u00e5kakor ocks\u00e5. V\u00e4ldigt gott. Gusten var inte riktigt sig sj\u00e4lv dock och var lite mer sugen p\u00e5 mat och n\u00e4rhet &hellip; <a href=\"https:\/\/oskarochjosefin.se\/index.php\/2009\/01\/19\/sondag-mandag\/\" class=\"more-link\">Forts\u00e4tt l\u00e4sa <span class=\"screen-reader-text\">S\u00f6ndag &#038; m\u00e5ndag<\/span> <span class=\"meta-nav\">&rarr;<\/span><\/a><\/p>\n","protected":false},"author":2,"featured_media":0,"comment_status":"open","ping_status":"open","sticky":false,"template":"","format":"standard","meta":{"footnotes":""},"categories":[4,3],"tags":[275,264,273,268,269,274,272],"class_list":["post-859","post","type-post","status-publish","format-standard","hentry","category-josefin","category-oskar","tag-alvedon","tag-formex","tag-frukost","tag-hotell","tag-kryssning","tag-tand","tag-tandsprickning"],"_links":{"self":[{"href":"https:\/\/oskarochjosefin.se\/index.php\/wp-json\/wp\/v2\/posts\/859","targetHints":{"allow":["GET"]}}],"collection":[{"href":"https:\/\/oskarochjosefin.se\/index.php\/wp-json\/wp\/v2\/posts"}],"about":[{"href":"https:\/\/oskarochjosefin.se\/index.php\/wp-json\/wp\/v2\/types\/post"}],"author":[{"embeddable":true,"href":"https:\/\/oskarochjosefin.se\/index.php\/wp-json\/wp\/v2\/users\/2"}],"replies":[{"embeddable":true,"href":"https:\/\/oskarochjosefin.se\/index.php\/wp-json\/wp\/v2\/comments?post=859"}],"version-history":[{"count":7,"href":"https:\/\/oskarochjosefin.se\/index.php\/wp-json\/wp\/v2\/posts\/859\/revisions"}],"predecessor-version":[{"id":866,"href":"https:\/\/oskarochjosefin.se\/index.php\/wp-json\/wp\/v2\/posts\/859\/revisions\/866"}],"wp:attachment":[{"href":"https:\/\/oskarochjosefin.se\/index.php\/wp-json\/wp\/v2\/media?parent=859"}],"wp:term":[{"taxonomy":"category","embeddable":true,"href":"https:\/\/oskarochjosefin.se\/index.php\/wp-json\/wp\/v2\/categories?post=859"},{"taxonomy":"post_tag","embeddable":true,"href":"https:\/\/oskarochjosefin.se\/index.php\/wp-json\/wp\/v2\/tags?post=859"}],"curies":[{"name":"wp","href":"https:\/\/api.w.org\/{rel}","templated":true}]}}