{"id":946,"date":"2009-02-02T20:55:33","date_gmt":"2009-02-02T19:55:33","guid":{"rendered":"http:\/\/oskarochjosefin.se\/?p=946"},"modified":"2009-02-02T21:03:33","modified_gmt":"2009-02-02T20:03:33","slug":"bra-och-dalig-shopping-samt-dagen-i-allmanhet","status":"publish","type":"post","link":"https:\/\/oskarochjosefin.se\/index.php\/2009\/02\/02\/bra-och-dalig-shopping-samt-dagen-i-allmanhet\/","title":{"rendered":"Bra och d\u00e5lig shopping samt dagen i allm\u00e4nhet"},"content":{"rendered":"<p>Hej, vill jag b\u00f6rja inl\u00e4gget med. Hejhej. Idag var jag, Oskar och Gusten p\u00e5 shoppingtur p\u00e5 f\u00f6rmiddagen. Vi som inte varit p\u00e5 n\u00e5gon rea tidigare gick p\u00e5 Polarn och pyret, \u00e5hlens samt harmonibarn (barnkl\u00e4desaff\u00e4r h\u00e4r i stan). Och lite handlade vi ocks\u00e5! P\u00e5 pop handlade vi tre bodysar (en stl 68 och tv\u00e5 74:or) och ett par r\u00f6da manchesterbyxor (som inte var p\u00e5 rea! &#8211; stl 68 d\u00e4r ocks\u00e5). P\u00e5 \u00c5hlens blev det inte n\u00e5gra kl\u00e4der men dock en stor plastl\u00e5da (som vi ska l\u00e4gga 56 och en del 62-kl\u00e4der i) och fyra gr\u00f6na galgar. P\u00e5 Harmonibarn k\u00f6pte vi en hj\u00e4lmm\u00f6ssa &#8211; eller vad kallar man det? De tunna m\u00f6ssor G redan har b\u00f6rjar bli f\u00f6r sm\u00e5 &#8211; s\u00e5 det var dags att k\u00f6pa en ny tyckte vi. Sen k\u00f6pte vi hem lunch och Gusten sov en hel massa p\u00e5 hemv\u00e4gen. Helt klart bra shopping.<\/p>\n<p><span class=\"photo_container pc_m\"><a title=\"3 bodysar och ett par byxor\" href=\"http:\/\/farm4.static.flickr.com\/3465\/3248502712_e90cc91be4_b.jpg\"><img loading=\"lazy\" decoding=\"async\" class=\"pc_img\" src=\"http:\/\/farm4.static.flickr.com\/3465\/3248502712_e90cc91be4_m.jpg\" alt=\"3 bodysar och ett par byxor\" width=\"158\" height=\"118\" \/><\/a><\/span><a title=\"3 bodysar och ett par byxor\" href=\"http:\/\/www.flickr.com\/photos\/oskarochjosefin\/3248502712\/\"><\/a><a title=\"l\u00e5dan och galgarna\" href=\"http:\/\/farm4.static.flickr.com\/3518\/3248501724_caf7402807_b.jpg\"> <img loading=\"lazy\" decoding=\"async\" class=\"pc_img\" src=\"http:\/\/farm4.static.flickr.com\/3518\/3248501724_caf7402807_m.jpg\" alt=\"l\u00e5dan och galgarna\" width=\"90\" height=\"120\" \/><\/a><a title=\"Nya m\u00f6ssan\" href=\"http:\/\/farm4.static.flickr.com\/3378\/3247677819_a282992dac_b.jpg\"> <img loading=\"lazy\" decoding=\"async\" class=\"pc_img\" src=\"http:\/\/farm4.static.flickr.com\/3378\/3247677819_a282992dac_m.jpg\" alt=\"Nya m\u00f6ssan\" width=\"164\" height=\"123\" \/><\/a><\/p>\n<p>H\u00e4r kan ni besk\u00e5da shoppingen. Gusten fick agera fotomodell f\u00f6r att g\u00f6ra m\u00f6ssan r\u00e4ttvisa.<\/p>\n<p>Vi t\u00e4nkte g\u00e5 till mataff\u00e4ren r\u00e4tt tidigt&#8230; och s\u00e5klart kom vi iv\u00e4g r\u00e4tt sent ist\u00e4llet. Och n\u00e4r vi v\u00e4l kom fram till kassorna med fulla korgar var det r\u00e4tt l\u00e5ng k\u00f6. Bl\u00e4! Gusten var ialla fall sn\u00e4ll hela tiden. Vilket \u00e4r mycket mer \u00e4n vad man kan s\u00e4ga om folket som var i aff\u00e4ren. Fy fy fy igen och \u00e5terigen. Folk som tr\u00e4nger sig, puttar p\u00e5 barnvagnen &#8211; ja, har noll respekt f\u00f6r att man har en barnvagn med sig. Tycker inte att det brukar vara s\u00e5 farligt annars men nu &#8211; usch! Och det blev inte b\u00e4ttre av att det blev riktigt dyrt heller. Men nu r\u00e4cker maten r\u00e4tt l\u00e4nge i alla fall &#8211; f\u00e5r man hoppas!<\/p>\n<p>Hemma har vi ocks\u00e5 passat p\u00e5 att ta ett litet bad i badbaljan. Nu n\u00e4r Gusten kan sitta ganska bra s\u00e5 kan han ju sitta i baljan och blir inte alls lika sur som han var ett tag. H\u00e4rligt i alla fall!<\/p>\n<p><a title=\"badankan\" href=\"http:\/\/farm4.static.flickr.com\/3099\/3247675037_dc2cea972f_b.jpg\"><span class=\"photo_container pc_m\"><a title=\"badanka\" href=\"http:\/\/www.flickr.com\/photos\/oskarochjosefin\/3247770523\/\"><img loading=\"lazy\" decoding=\"async\" class=\"pc_img\" src=\"http:\/\/farm4.static.flickr.com\/3079\/3247770523_05998a9c46_m.jpg\" alt=\"badanka\" width=\"216\" height=\"162\" \/><\/a><\/span><\/a><a title=\"bad \u00e4r kul\" href=\"http:\/\/farm4.static.flickr.com\/3092\/3247734481_730b563813_b.jpg\"> <img loading=\"lazy\" decoding=\"async\" class=\"pc_img\" src=\"http:\/\/farm4.static.flickr.com\/3092\/3247734481_730b563813_m.jpg\" alt=\"bad \u00e4r kul\" width=\"214\" height=\"160\" \/><\/a><span class=\"photo_container pc_m\"><a title=\"badankan\" href=\"http:\/\/www.flickr.com\/photos\/oskarochjosefin\/3247675037\/\"> <\/a><\/span><\/p>\n<p><span class=\"photo_container pc_m\">Badankan fastnade p\u00e5 Gustens huvud. Hihi.<br \/>\n<\/span><\/p>\n<p>Och nu st\u00f6r jag ihj\u00e4l mig p\u00e5 Philip p\u00e5 halv \u00e5tta hos mig. Iiii.. vilken jobbig typ &#8211; v\u00e4ldigt 2007. Tur att han \u00e5tminstone gillade efterr\u00e4tten annars skulle han varit ritkigt l\u00e4skig. Och nu \u00e4r det programmet redan slut och vi tittar p\u00e5 familjen annorlunda.. lite f\u00f6r m\u00e5nga barn f\u00f6r min smak kanske.. men kul att se! \ud83d\ude42<\/p>\n","protected":false},"excerpt":{"rendered":"<p>Hej, vill jag b\u00f6rja inl\u00e4gget med. Hejhej. Idag var jag, Oskar och Gusten p\u00e5 shoppingtur p\u00e5 f\u00f6rmiddagen. Vi som inte varit p\u00e5 n\u00e5gon rea tidigare gick p\u00e5 Polarn och pyret, \u00e5hlens samt harmonibarn (barnkl\u00e4desaff\u00e4r h\u00e4r i stan). Och lite handlade vi ocks\u00e5! P\u00e5 pop handlade vi tre bodysar (en stl 68 och tv\u00e5 74:or) och &hellip; <a href=\"https:\/\/oskarochjosefin.se\/index.php\/2009\/02\/02\/bra-och-dalig-shopping-samt-dagen-i-allmanhet\/\" class=\"more-link\">Forts\u00e4tt l\u00e4sa <span class=\"screen-reader-text\">Bra och d\u00e5lig shopping samt dagen i allm\u00e4nhet<\/span> <span class=\"meta-nav\">&rarr;<\/span><\/a><\/p>\n","protected":false},"author":3,"featured_media":0,"comment_status":"open","ping_status":"open","sticky":false,"template":"","format":"standard","meta":{"footnotes":""},"categories":[4],"tags":[51,326,325,324,327,323,38,322],"class_list":["post-946","post","type-post","status-publish","format-standard","hentry","category-josefin","tag-bad","tag-badanka","tag-badbalja","tag-bilder-pa-saker","tag-famlijen-annorlunda","tag-halv-atta-hos-mig","tag-klader","tag-shopping"],"_links":{"self":[{"href":"https:\/\/oskarochjosefin.se\/index.php\/wp-json\/wp\/v2\/posts\/946","targetHints":{"allow":["GET"]}}],"collection":[{"href":"https:\/\/oskarochjosefin.se\/index.php\/wp-json\/wp\/v2\/posts"}],"about":[{"href":"https:\/\/oskarochjosefin.se\/index.php\/wp-json\/wp\/v2\/types\/post"}],"author":[{"embeddable":true,"href":"https:\/\/oskarochjosefin.se\/index.php\/wp-json\/wp\/v2\/users\/3"}],"replies":[{"embeddable":true,"href":"https:\/\/oskarochjosefin.se\/index.php\/wp-json\/wp\/v2\/comments?post=946"}],"version-history":[{"count":6,"href":"https:\/\/oskarochjosefin.se\/index.php\/wp-json\/wp\/v2\/posts\/946\/revisions"}],"predecessor-version":[{"id":951,"href":"https:\/\/oskarochjosefin.se\/index.php\/wp-json\/wp\/v2\/posts\/946\/revisions\/951"}],"wp:attachment":[{"href":"https:\/\/oskarochjosefin.se\/index.php\/wp-json\/wp\/v2\/media?parent=946"}],"wp:term":[{"taxonomy":"category","embeddable":true,"href":"https:\/\/oskarochjosefin.se\/index.php\/wp-json\/wp\/v2\/categories?post=946"},{"taxonomy":"post_tag","embeddable":true,"href":"https:\/\/oskarochjosefin.se\/index.php\/wp-json\/wp\/v2\/tags?post=946"}],"curies":[{"name":"wp","href":"https:\/\/api.w.org\/{rel}","templated":true}]}}